{"id":4761,"date":"2022-04-12T15:35:15","date_gmt":"2022-04-12T13:35:15","guid":{"rendered":"https:\/\/www.campingdesjonquilles.com\/?p=4761"},"modified":"2022-04-12T15:35:15","modified_gmt":"2022-04-12T13:35:15","slug":"fete-de-nuit-23-juillet-2022-st-alban-22400-pres-du-camping-domaine-des-jonquilles","status":"publish","type":"post","link":"https:\/\/www.campingdesjonquilles.com\/en\/uncategorized\/fete-de-nuit-23-juillet-2022-st-alban-22400-pres-du-camping-domaine-des-jonquilles\/","title":{"rendered":"F\u00eate de nuit 23 juillet 2022, St Alban 22400 pr\u00e8s du camping Domaine des jonquilles"},"content":{"rendered":"<p>Venez nombreux, retrouvez nos f\u00eates de nuit  \u00e0 Saint Alban, dans le bourg de notre village<\/p>\n<p>Le Samedi 23 Juillet 2022<br \/>\nde 19h00 \u00e0 02h00<\/p>\n<p>Grande f\u00eate de Nuit sur le th\u00e8me du folklore organis\u00e9e par le Comit\u00e9 des F\u00eates, le Cercle Celtique Fleur d\u2019Aulne, le Football Club C\u00f4te de Penthi\u00e8vre et l\u2019Amicale La\u00efque avec d\u00e9gustation de moules frites, grillades, cr\u00eapes, g\u00e2teaux.<br \/>\nBal et feu d\u2019artifice devant l\u2019\u00e9glise. Payant, tout public.<br \/>\nSaint-Alban(22400) &#8211; C\u00f4tes d&#8217;Armor &#8211; Salle des F\u00eates<\/p>\n<p>F\u00eate et manifestation Musique \u00c9v\u00e8nement culturel Concert<\/p>\n<p>F\u00eate de Nuit se d\u00e9roulera Le Samedi 23 Juillet 2022 de 19h00 \u00e0 02h00 \u00e0 Saint-Alban(22400) &#8211; C\u00f4tes d&#8217;Armor<br \/>\nA 200 m\u00e8tres du camping, dans le bourg de notre village<\/p>\n","protected":false},"excerpt":{"rendered":"<p>Le Samedi 23 Juillet 2022<br \/>\nde 19h00 \u00e0 02h00<br \/>\nGrande f\u00eate de Nuit sur le th\u00e8me du folklore organis\u00e9e par le Comit\u00e9 des F\u00eates, le Cercle Celtique Fleur d\u2019Aulne, le Football Club C\u00f4te de Penthi\u00e8vre et l\u2019Amicale La\u00efque avec d\u00e9gustation de moules frites, grillades, cr\u00eapes, g\u00e2teaux. Bal et feu d\u2019artifice devant l\u2019\u00e9glise. Payant, tout public.<br \/>\nSaint-alban(22400) &#8211; C\u00f4tes d&#8217;armor &#8211; Salle des F\u00eates<br \/>\nF\u00eate et manifestation Musique \u00c9v\u00e8nement culturel Concert<br \/>\nF\u00eate de Nuit se d\u00e9roulera Le Samedi 23 Juillet 2022 de 19h00 \u00e0 02h00 \u00e0 Saint-Alban (22400) &#8211; C\u00f4tes d&#8217;Armor<\/p>\n","protected":false},"author":2,"featured_media":4757,"comment_status":"closed","ping_status":"open","sticky":false,"template":"","format":"standard","meta":{"_acf_changed":false,"footnotes":""},"categories":[39],"tags":[],"class_list":["post-4761","post","type-post","status-publish","format-standard","has-post-thumbnail","hentry","category-uncategorized"],"acf":[],"yoast_head":"<!-- This site is optimized with the Yoast SEO plugin v27.4 - https:\/\/yoast.com\/product\/yoast-seo-wordpress\/ -->\n<title>F\u00eate de nuit 23 juillet 2022, St Alban 22400 pr\u00e8s du camping Domaine des jonquilles - Camping des Jonquilles<\/title>\n<meta name=\"robots\" content=\"index, follow, max-snippet:-1, max-image-preview:large, max-video-preview:-1\" \/>\n<link rel=\"canonical\" href=\"https:\/\/www.campingdesjonquilles.com\/en\/non-classifiee\/fete-de-nuit-23-juillet-2022-st-alban-22400-pres-du-camping-domaine-des-jonquilles\/\" \/>\n<meta property=\"og:locale\" content=\"en_US\" \/>\n<meta property=\"og:type\" content=\"article\" \/>\n<meta property=\"og:title\" content=\"F\u00eate de nuit 23 juillet 2022, St Alban 22400 pr\u00e8s du camping Domaine des jonquilles - Camping des Jonquilles\" \/>\n<meta property=\"og:description\" content=\"Le Samedi 23 Juillet 2022 de 19h00 \u00e0 02h00 Grande f\u00eate de Nuit sur le th\u00e8me du folklore organis\u00e9e par le Comit\u00e9 des F\u00eates, le Cercle Celtique Fleur d\u2019Aulne, le Football Club C\u00f4te de Penthi\u00e8vre et l\u2019Amicale La\u00efque avec d\u00e9gustation de moules frites, grillades, cr\u00eapes, g\u00e2teaux. Bal et feu d\u2019artifice devant l\u2019\u00e9glise. Payant, tout public. Saint-alban(22400) - C\u00f4tes d&#039;armor - Salle des F\u00eates F\u00eate et manifestation Musique \u00c9v\u00e8nement culturel Concert F\u00eate de Nuit se d\u00e9roulera Le Samedi 23 Juillet 2022 de 19h00 \u00e0 02h00 \u00e0 Saint-Alban (22400) - C\u00f4tes d&#039;Armor\" \/>\n<meta property=\"og:url\" content=\"https:\/\/www.campingdesjonquilles.com\/non-classifiee\/fete-de-nuit-23-juillet-2022-st-alban-22400-pres-du-camping-domaine-des-jonquilles\/\" \/>\n<meta property=\"og:site_name\" content=\"Camping des Jonquilles\" \/>\n<meta property=\"article:published_time\" content=\"2022-04-12T13:35:15+00:00\" \/>\n<meta property=\"og:image\" content=\"https:\/\/www.campingdesjonquilles.com\/wp-content\/uploads\/2022\/04\/club-danse-St-alban-1.jpg\" \/>\n\t<meta property=\"og:image:width\" content=\"1024\" \/>\n\t<meta property=\"og:image:height\" content=\"618\" \/>\n\t<meta property=\"og:image:type\" content=\"image\/jpeg\" \/>\n<meta name=\"author\" content=\"Laurent Rolla\" \/>\n<meta name=\"twitter:card\" content=\"summary_large_image\" \/>\n<meta name=\"twitter:label1\" content=\"Written by\" \/>\n\t<meta name=\"twitter:data1\" content=\"Laurent Rolla\" \/>\n\t<meta name=\"twitter:label2\" content=\"Est. reading time\" \/>\n\t<meta name=\"twitter:data2\" content=\"1 minute\" \/>\n<script type=\"application\/ld+json\" class=\"yoast-schema-graph\">{\"@context\":\"https:\\\/\\\/schema.org\",\"@graph\":[{\"@type\":\"Article\",\"@id\":\"https:\\\/\\\/www.campingdesjonquilles.com\\\/non-classifiee\\\/fete-de-nuit-23-juillet-2022-st-alban-22400-pres-du-camping-domaine-des-jonquilles\\\/#article\",\"isPartOf\":{\"@id\":\"https:\\\/\\\/www.campingdesjonquilles.com\\\/non-classifiee\\\/fete-de-nuit-23-juillet-2022-st-alban-22400-pres-du-camping-domaine-des-jonquilles\\\/\"},\"author\":{\"name\":\"Laurent Rolla\",\"@id\":\"https:\\\/\\\/www.campingdesjonquilles.com\\\/#\\\/schema\\\/person\\\/d743c13d921bce602c40c40a882041cc\"},\"headline\":\"F\u00eate de nuit 23 juillet 2022, St Alban 22400 pr\u00e8s du camping Domaine des jonquilles\",\"datePublished\":\"2022-04-12T13:35:15+00:00\",\"mainEntityOfPage\":{\"@id\":\"https:\\\/\\\/www.campingdesjonquilles.com\\\/non-classifiee\\\/fete-de-nuit-23-juillet-2022-st-alban-22400-pres-du-camping-domaine-des-jonquilles\\\/\"},\"wordCount\":144,\"image\":{\"@id\":\"https:\\\/\\\/www.campingdesjonquilles.com\\\/non-classifiee\\\/fete-de-nuit-23-juillet-2022-st-alban-22400-pres-du-camping-domaine-des-jonquilles\\\/#primaryimage\"},\"thumbnailUrl\":\"https:\\\/\\\/www.campingdesjonquilles.com\\\/wp-content\\\/uploads\\\/2022\\\/04\\\/club-danse-St-alban-1.jpg\",\"inLanguage\":\"en-US\"},{\"@type\":\"WebPage\",\"@id\":\"https:\\\/\\\/www.campingdesjonquilles.com\\\/non-classifiee\\\/fete-de-nuit-23-juillet-2022-st-alban-22400-pres-du-camping-domaine-des-jonquilles\\\/\",\"url\":\"https:\\\/\\\/www.campingdesjonquilles.com\\\/non-classifiee\\\/fete-de-nuit-23-juillet-2022-st-alban-22400-pres-du-camping-domaine-des-jonquilles\\\/\",\"name\":\"F\u00eate de nuit 23 juillet 2022, St Alban 22400 pr\u00e8s du camping Domaine des jonquilles - Camping des Jonquilles\",\"isPartOf\":{\"@id\":\"https:\\\/\\\/www.campingdesjonquilles.com\\\/#website\"},\"primaryImageOfPage\":{\"@id\":\"https:\\\/\\\/www.campingdesjonquilles.com\\\/non-classifiee\\\/fete-de-nuit-23-juillet-2022-st-alban-22400-pres-du-camping-domaine-des-jonquilles\\\/#primaryimage\"},\"image\":{\"@id\":\"https:\\\/\\\/www.campingdesjonquilles.com\\\/non-classifiee\\\/fete-de-nuit-23-juillet-2022-st-alban-22400-pres-du-camping-domaine-des-jonquilles\\\/#primaryimage\"},\"thumbnailUrl\":\"https:\\\/\\\/www.campingdesjonquilles.com\\\/wp-content\\\/uploads\\\/2022\\\/04\\\/club-danse-St-alban-1.jpg\",\"datePublished\":\"2022-04-12T13:35:15+00:00\",\"author\":{\"@id\":\"https:\\\/\\\/www.campingdesjonquilles.com\\\/#\\\/schema\\\/person\\\/d743c13d921bce602c40c40a882041cc\"},\"breadcrumb\":{\"@id\":\"https:\\\/\\\/www.campingdesjonquilles.com\\\/non-classifiee\\\/fete-de-nuit-23-juillet-2022-st-alban-22400-pres-du-camping-domaine-des-jonquilles\\\/#breadcrumb\"},\"inLanguage\":\"en-US\",\"potentialAction\":[{\"@type\":\"ReadAction\",\"target\":[\"https:\\\/\\\/www.campingdesjonquilles.com\\\/non-classifiee\\\/fete-de-nuit-23-juillet-2022-st-alban-22400-pres-du-camping-domaine-des-jonquilles\\\/\"]}]},{\"@type\":\"ImageObject\",\"inLanguage\":\"en-US\",\"@id\":\"https:\\\/\\\/www.campingdesjonquilles.com\\\/non-classifiee\\\/fete-de-nuit-23-juillet-2022-st-alban-22400-pres-du-camping-domaine-des-jonquilles\\\/#primaryimage\",\"url\":\"https:\\\/\\\/www.campingdesjonquilles.com\\\/wp-content\\\/uploads\\\/2022\\\/04\\\/club-danse-St-alban-1.jpg\",\"contentUrl\":\"https:\\\/\\\/www.campingdesjonquilles.com\\\/wp-content\\\/uploads\\\/2022\\\/04\\\/club-danse-St-alban-1.jpg\",\"width\":1024,\"height\":618},{\"@type\":\"BreadcrumbList\",\"@id\":\"https:\\\/\\\/www.campingdesjonquilles.com\\\/non-classifiee\\\/fete-de-nuit-23-juillet-2022-st-alban-22400-pres-du-camping-domaine-des-jonquilles\\\/#breadcrumb\",\"itemListElement\":[{\"@type\":\"ListItem\",\"position\":1,\"name\":\"Accueil\",\"item\":\"https:\\\/\\\/www.campingdesjonquilles.com\\\/en\\\/home\\\/\"},{\"@type\":\"ListItem\",\"position\":2,\"name\":\"F\u00eate de nuit 23 juillet 2022, St Alban 22400 pr\u00e8s du camping Domaine des jonquilles\"}]},{\"@type\":\"WebSite\",\"@id\":\"https:\\\/\\\/www.campingdesjonquilles.com\\\/#website\",\"url\":\"https:\\\/\\\/www.campingdesjonquilles.com\\\/\",\"name\":\"Camping des Jonquilles\",\"description\":\"\",\"potentialAction\":[{\"@type\":\"SearchAction\",\"target\":{\"@type\":\"EntryPoint\",\"urlTemplate\":\"https:\\\/\\\/www.campingdesjonquilles.com\\\/?s={search_term_string}\"},\"query-input\":{\"@type\":\"PropertyValueSpecification\",\"valueRequired\":true,\"valueName\":\"search_term_string\"}}],\"inLanguage\":\"en-US\"},{\"@type\":\"Person\",\"@id\":\"https:\\\/\\\/www.campingdesjonquilles.com\\\/#\\\/schema\\\/person\\\/d743c13d921bce602c40c40a882041cc\",\"name\":\"Laurent Rolla\",\"image\":{\"@type\":\"ImageObject\",\"inLanguage\":\"en-US\",\"@id\":\"https:\\\/\\\/secure.gravatar.com\\\/avatar\\\/9740aa55d05912fcb775c4766e4720161427347d5da12c3da52e26a1fbc52376?s=96&d=mm&r=g\",\"url\":\"https:\\\/\\\/secure.gravatar.com\\\/avatar\\\/9740aa55d05912fcb775c4766e4720161427347d5da12c3da52e26a1fbc52376?s=96&d=mm&r=g\",\"contentUrl\":\"https:\\\/\\\/secure.gravatar.com\\\/avatar\\\/9740aa55d05912fcb775c4766e4720161427347d5da12c3da52e26a1fbc52376?s=96&d=mm&r=g\",\"caption\":\"Laurent Rolla\"}}]}<\/script>\n<!-- \/ Yoast SEO plugin. -->","yoast_head_json":{"title":"F\u00eate de nuit 23 juillet 2022, St Alban 22400 pr\u00e8s du camping Domaine des jonquilles - Camping des Jonquilles","robots":{"index":"index","follow":"follow","max-snippet":"max-snippet:-1","max-image-preview":"max-image-preview:large","max-video-preview":"max-video-preview:-1"},"canonical":"https:\/\/www.campingdesjonquilles.com\/en\/non-classifiee\/fete-de-nuit-23-juillet-2022-st-alban-22400-pres-du-camping-domaine-des-jonquilles\/","og_locale":"en_US","og_type":"article","og_title":"F\u00eate de nuit 23 juillet 2022, St Alban 22400 pr\u00e8s du camping Domaine des jonquilles - Camping des Jonquilles","og_description":"Le Samedi 23 Juillet 2022 de 19h00 \u00e0 02h00 Grande f\u00eate de Nuit sur le th\u00e8me du folklore organis\u00e9e par le Comit\u00e9 des F\u00eates, le Cercle Celtique Fleur d\u2019Aulne, le Football Club C\u00f4te de Penthi\u00e8vre et l\u2019Amicale La\u00efque avec d\u00e9gustation de moules frites, grillades, cr\u00eapes, g\u00e2teaux. Bal et feu d\u2019artifice devant l\u2019\u00e9glise. Payant, tout public. Saint-alban(22400) - C\u00f4tes d'armor - Salle des F\u00eates F\u00eate et manifestation Musique \u00c9v\u00e8nement culturel Concert F\u00eate de Nuit se d\u00e9roulera Le Samedi 23 Juillet 2022 de 19h00 \u00e0 02h00 \u00e0 Saint-Alban (22400) - C\u00f4tes d'Armor","og_url":"https:\/\/www.campingdesjonquilles.com\/non-classifiee\/fete-de-nuit-23-juillet-2022-st-alban-22400-pres-du-camping-domaine-des-jonquilles\/","og_site_name":"Camping des Jonquilles","article_published_time":"2022-04-12T13:35:15+00:00","og_image":[{"width":1024,"height":618,"url":"https:\/\/www.campingdesjonquilles.com\/wp-content\/uploads\/2022\/04\/club-danse-St-alban-1.jpg","type":"image\/jpeg"}],"author":"Laurent Rolla","twitter_card":"summary_large_image","twitter_misc":{"Written by":"Laurent Rolla","Est. reading time":"1 minute"},"schema":{"@context":"https:\/\/schema.org","@graph":[{"@type":"Article","@id":"https:\/\/www.campingdesjonquilles.com\/non-classifiee\/fete-de-nuit-23-juillet-2022-st-alban-22400-pres-du-camping-domaine-des-jonquilles\/#article","isPartOf":{"@id":"https:\/\/www.campingdesjonquilles.com\/non-classifiee\/fete-de-nuit-23-juillet-2022-st-alban-22400-pres-du-camping-domaine-des-jonquilles\/"},"author":{"name":"Laurent Rolla","@id":"https:\/\/www.campingdesjonquilles.com\/#\/schema\/person\/d743c13d921bce602c40c40a882041cc"},"headline":"F\u00eate de nuit 23 juillet 2022, St Alban 22400 pr\u00e8s du camping Domaine des jonquilles","datePublished":"2022-04-12T13:35:15+00:00","mainEntityOfPage":{"@id":"https:\/\/www.campingdesjonquilles.com\/non-classifiee\/fete-de-nuit-23-juillet-2022-st-alban-22400-pres-du-camping-domaine-des-jonquilles\/"},"wordCount":144,"image":{"@id":"https:\/\/www.campingdesjonquilles.com\/non-classifiee\/fete-de-nuit-23-juillet-2022-st-alban-22400-pres-du-camping-domaine-des-jonquilles\/#primaryimage"},"thumbnailUrl":"https:\/\/www.campingdesjonquilles.com\/wp-content\/uploads\/2022\/04\/club-danse-St-alban-1.jpg","inLanguage":"en-US"},{"@type":"WebPage","@id":"https:\/\/www.campingdesjonquilles.com\/non-classifiee\/fete-de-nuit-23-juillet-2022-st-alban-22400-pres-du-camping-domaine-des-jonquilles\/","url":"https:\/\/www.campingdesjonquilles.com\/non-classifiee\/fete-de-nuit-23-juillet-2022-st-alban-22400-pres-du-camping-domaine-des-jonquilles\/","name":"F\u00eate de nuit 23 juillet 2022, St Alban 22400 pr\u00e8s du camping Domaine des jonquilles - Camping des Jonquilles","isPartOf":{"@id":"https:\/\/www.campingdesjonquilles.com\/#website"},"primaryImageOfPage":{"@id":"https:\/\/www.campingdesjonquilles.com\/non-classifiee\/fete-de-nuit-23-juillet-2022-st-alban-22400-pres-du-camping-domaine-des-jonquilles\/#primaryimage"},"image":{"@id":"https:\/\/www.campingdesjonquilles.com\/non-classifiee\/fete-de-nuit-23-juillet-2022-st-alban-22400-pres-du-camping-domaine-des-jonquilles\/#primaryimage"},"thumbnailUrl":"https:\/\/www.campingdesjonquilles.com\/wp-content\/uploads\/2022\/04\/club-danse-St-alban-1.jpg","datePublished":"2022-04-12T13:35:15+00:00","author":{"@id":"https:\/\/www.campingdesjonquilles.com\/#\/schema\/person\/d743c13d921bce602c40c40a882041cc"},"breadcrumb":{"@id":"https:\/\/www.campingdesjonquilles.com\/non-classifiee\/fete-de-nuit-23-juillet-2022-st-alban-22400-pres-du-camping-domaine-des-jonquilles\/#breadcrumb"},"inLanguage":"en-US","potentialAction":[{"@type":"ReadAction","target":["https:\/\/www.campingdesjonquilles.com\/non-classifiee\/fete-de-nuit-23-juillet-2022-st-alban-22400-pres-du-camping-domaine-des-jonquilles\/"]}]},{"@type":"ImageObject","inLanguage":"en-US","@id":"https:\/\/www.campingdesjonquilles.com\/non-classifiee\/fete-de-nuit-23-juillet-2022-st-alban-22400-pres-du-camping-domaine-des-jonquilles\/#primaryimage","url":"https:\/\/www.campingdesjonquilles.com\/wp-content\/uploads\/2022\/04\/club-danse-St-alban-1.jpg","contentUrl":"https:\/\/www.campingdesjonquilles.com\/wp-content\/uploads\/2022\/04\/club-danse-St-alban-1.jpg","width":1024,"height":618},{"@type":"BreadcrumbList","@id":"https:\/\/www.campingdesjonquilles.com\/non-classifiee\/fete-de-nuit-23-juillet-2022-st-alban-22400-pres-du-camping-domaine-des-jonquilles\/#breadcrumb","itemListElement":[{"@type":"ListItem","position":1,"name":"Accueil","item":"https:\/\/www.campingdesjonquilles.com\/en\/home\/"},{"@type":"ListItem","position":2,"name":"F\u00eate de nuit 23 juillet 2022, St Alban 22400 pr\u00e8s du camping Domaine des jonquilles"}]},{"@type":"WebSite","@id":"https:\/\/www.campingdesjonquilles.com\/#website","url":"https:\/\/www.campingdesjonquilles.com\/","name":"Camping des Jonquilles","description":"","potentialAction":[{"@type":"SearchAction","target":{"@type":"EntryPoint","urlTemplate":"https:\/\/www.campingdesjonquilles.com\/?s={search_term_string}"},"query-input":{"@type":"PropertyValueSpecification","valueRequired":true,"valueName":"search_term_string"}}],"inLanguage":"en-US"},{"@type":"Person","@id":"https:\/\/www.campingdesjonquilles.com\/#\/schema\/person\/d743c13d921bce602c40c40a882041cc","name":"Laurent Rolla","image":{"@type":"ImageObject","inLanguage":"en-US","@id":"https:\/\/secure.gravatar.com\/avatar\/9740aa55d05912fcb775c4766e4720161427347d5da12c3da52e26a1fbc52376?s=96&d=mm&r=g","url":"https:\/\/secure.gravatar.com\/avatar\/9740aa55d05912fcb775c4766e4720161427347d5da12c3da52e26a1fbc52376?s=96&d=mm&r=g","contentUrl":"https:\/\/secure.gravatar.com\/avatar\/9740aa55d05912fcb775c4766e4720161427347d5da12c3da52e26a1fbc52376?s=96&d=mm&r=g","caption":"Laurent Rolla"}}]}},"_links":{"self":[{"href":"https:\/\/www.campingdesjonquilles.com\/en\/wp-json\/wp\/v2\/posts\/4761\/"}],"collection":[{"href":"https:\/\/www.campingdesjonquilles.com\/en\/wp-json\/wp\/v2\/posts\/"}],"about":[{"href":"https:\/\/www.campingdesjonquilles.com\/en\/wp-json\/wp\/v2\/types\/post\/"}],"author":[{"embeddable":true,"href":"https:\/\/www.campingdesjonquilles.com\/en\/wp-json\/wp\/v2\/users\/2\/"}],"replies":[{"embeddable":true,"href":"https:\/\/www.campingdesjonquilles.com\/en\/wp-json\/wp\/v2\/comments\/?post=4761"}],"version-history":[{"count":3,"href":"https:\/\/www.campingdesjonquilles.com\/en\/wp-json\/wp\/v2\/posts\/4761\/revisions\/"}],"predecessor-version":[{"id":4764,"href":"https:\/\/www.campingdesjonquilles.com\/en\/wp-json\/wp\/v2\/posts\/4761\/revisions\/4764\/"}],"wp:featuredmedia":[{"embeddable":true,"href":"https:\/\/www.campingdesjonquilles.com\/en\/wp-json\/wp\/v2\/media\/4757\/"}],"wp:attachment":[{"href":"https:\/\/www.campingdesjonquilles.com\/en\/wp-json\/wp\/v2\/media\/?parent=4761"}],"wp:term":[{"taxonomy":"category","embeddable":true,"href":"https:\/\/www.campingdesjonquilles.com\/en\/wp-json\/wp\/v2\/categories\/?post=4761"},{"taxonomy":"post_tag","embeddable":true,"href":"https:\/\/www.campingdesjonquilles.com\/en\/wp-json\/wp\/v2\/tags\/?post=4761"}],"curies":[{"name":"wp","href":"https:\/\/api.w.org\/{rel}","templated":true}]}}